{"@context":"https:\/\/schema.org\/","@type":"CollectionPage","@id":"https:\/\/www.the-future-of-commerce.com\/latinamerica\/#CollectionPage","headline":"El Futuro de la Experiencia del Cliente Category","description":"<p>Liderazgo de pensamiento y an\u00e1lisis sobre temas de negocios, tanto de cara al consumidor como de empresa a empresa, desde ventas, marketing, experiencia del cliente, gesti\u00f3n de datos, servicio al cliente y m\u00e1s.<\/p>\n","url":"https:\/\/www.the-future-of-commerce.com\/latinamerica\/","hasPart":[{"@type":"BlogPosting","@id":"https:\/\/www.the-future-of-commerce.com\/2020\/09\/30\/redes-sociales-y-servicio-al-cliente-alineacion-para-una-excelente-cx\/","headline":"Redes sociales y servicio al cliente: alineaci\u00f3n para una excelente CX","url":"https:\/\/www.the-future-of-commerce.com\/2020\/09\/30\/redes-sociales-y-servicio-al-cliente-alineacion-para-una-excelente-cx\/","datePublished":"2020-09-30","dateModified":"2021-07-30","mainEntityOfPage":"https:\/\/www.the-future-of-commerce.com\/2020\/09\/30\/redes-sociales-y-servicio-al-cliente-alineacion-para-una-excelente-cx\/","author":{"@type":"Person","@id":"https:\/\/www.the-future-of-commerce.com\/contributor\/margot-heiligman\/#Person","name":"Margot Heiligman","url":"https:\/\/www.the-future-of-commerce.com\/contributor\/margot-heiligman\/","identifier":80,"image":{"@type":"ImageObject","@id":"https:\/\/secure.gravatar.com\/avatar\/a366a0e276893c7eec8b1b2a6e188da05b8398fdb0e66d7d89358cf1f1b0d2cf?s=96&d=mm&r=g","url":"https:\/\/secure.gravatar.com\/avatar\/a366a0e276893c7eec8b1b2a6e188da05b8398fdb0e66d7d89358cf1f1b0d2cf?s=96&d=mm&r=g","height":96,"width":96}},"publisher":{"@type":"Organization","name":"The Future of Commerce","logo":{"@type":"ImageObject","@id":"https:\/\/www.the-future-of-commerce.com\/wp-content\/uploads\/2023\/01\/logo-foc-schema-app-1.png","url":"https:\/\/www.the-future-of-commerce.com\/wp-content\/uploads\/2023\/01\/logo-foc-schema-app-1.png","width":172,"height":60}},"image":{"@type":"ImageObject","@id":"https:\/\/www.the-future-of-commerce.com\/wp-content\/uploads\/2020\/09\/social-and-service-.jpeg","url":"https:\/\/www.the-future-of-commerce.com\/wp-content\/uploads\/2020\/09\/social-and-service-.jpeg","height":375,"width":1200},"keywords":null},{"@type":"BlogPosting","@id":"https:\/\/www.the-future-of-commerce.com\/2020\/09\/30\/ventas-y-servicio-trabajando-juntos-alineandose-para-el-exito\/","headline":"Ventas y servicio trabajando juntos: aline\u00e1ndose para el \u00e9xito","url":"https:\/\/www.the-future-of-commerce.com\/2020\/09\/30\/ventas-y-servicio-trabajando-juntos-alineandose-para-el-exito\/","datePublished":"2020-09-30","dateModified":"2024-07-12","mainEntityOfPage":"https:\/\/www.the-future-of-commerce.com\/2020\/09\/30\/ventas-y-servicio-trabajando-juntos-alineandose-para-el-exito\/","author":{"@type":"Person","@id":"https:\/\/www.the-future-of-commerce.com\/contributor\/isabel-mora\/#Person","name":"Isabel Mora","url":"https:\/\/www.the-future-of-commerce.com\/contributor\/isabel-mora\/","identifier":414,"image":{"@type":"ImageObject","@id":"https:\/\/secure.gravatar.com\/avatar\/f3173d2afb4dcd55ae1b71931cba0f40ef09f7882e17d6a318329d72d59da1f8?s=96&d=mm&r=g","url":"https:\/\/secure.gravatar.com\/avatar\/f3173d2afb4dcd55ae1b71931cba0f40ef09f7882e17d6a318329d72d59da1f8?s=96&d=mm&r=g","height":96,"width":96}},"publisher":{"@type":"Organization","name":"The Future of Commerce","logo":{"@type":"ImageObject","@id":"https:\/\/www.the-future-of-commerce.com\/wp-content\/uploads\/2023\/01\/logo-foc-schema-app-1.png","url":"https:\/\/www.the-future-of-commerce.com\/wp-content\/uploads\/2023\/01\/logo-foc-schema-app-1.png","width":172,"height":60}},"image":{"@type":"ImageObject","@id":"https:\/\/www.the-future-of-commerce.com\/wp-content\/uploads\/2020\/08\/V2_FCEE010_salesandservice.jpg","url":"https:\/\/www.the-future-of-commerce.com\/wp-content\/uploads\/2020\/08\/V2_FCEE010_salesandservice.jpg","height":375,"width":1200},"keywords":null},{"@type":"BlogPosting","@id":"https:\/\/www.the-future-of-commerce.com\/2020\/09\/28\/consumer-products-repensando-la-estrategia-de-mercado-post-covid-19\/","headline":"Consumer products: Repensando la estrategia de mercado post COVID-19","url":"https:\/\/www.the-future-of-commerce.com\/2020\/09\/28\/consumer-products-repensando-la-estrategia-de-mercado-post-covid-19\/","datePublished":"2020-09-28","dateModified":"2021-02-11","mainEntityOfPage":"https:\/\/www.the-future-of-commerce.com\/2020\/09\/28\/consumer-products-repensando-la-estrategia-de-mercado-post-covid-19\/","author":{"@type":"Person","@id":"https:\/\/www.the-future-of-commerce.com\/contributor\/javier-alberto-flores\/#Person","name":"Javier Flores","url":"https:\/\/www.the-future-of-commerce.com\/contributor\/javier-alberto-flores\/","identifier":322,"image":{"@type":"ImageObject","@id":"https:\/\/secure.gravatar.com\/avatar\/e1989f3aa8f7aa464e07c400d325ad3224919b42dcb16436fb74ba8078ccafb1?s=96&d=mm&r=g","url":"https:\/\/secure.gravatar.com\/avatar\/e1989f3aa8f7aa464e07c400d325ad3224919b42dcb16436fb74ba8078ccafb1?s=96&d=mm&r=g","height":96,"width":96}},"publisher":{"@type":"Organization","name":"The Future of Commerce","logo":{"@type":"ImageObject","@id":"https:\/\/www.the-future-of-commerce.com\/wp-content\/uploads\/2023\/01\/logo-foc-schema-app-1.png","url":"https:\/\/www.the-future-of-commerce.com\/wp-content\/uploads\/2023\/01\/logo-foc-schema-app-1.png","width":172,"height":60}},"image":{"@type":"ImageObject","@id":"https:\/\/www.the-future-of-commerce.com\/wp-content\/uploads\/2020\/09\/DTC-Latam.jpg","url":"https:\/\/www.the-future-of-commerce.com\/wp-content\/uploads\/2020\/09\/DTC-Latam.jpg","height":375,"width":1200},"keywords":null},{"@type":"BlogPosting","@id":"https:\/\/www.the-future-of-commerce.com\/2020\/09\/24\/privacidad-por-favor-todo-el-mundo-quiere-sus-datos-personales-aqui-hay-3-formas-de-protegerlos\/","headline":"\u00a1Privacidad por favor! Todo el mundo quiere sus datos personales; aqu\u00ed hay 3 formas de protegerlos","url":"https:\/\/www.the-future-of-commerce.com\/2020\/09\/24\/privacidad-por-favor-todo-el-mundo-quiere-sus-datos-personales-aqui-hay-3-formas-de-protegerlos\/","datePublished":"2020-09-24","dateModified":"2021-04-26","mainEntityOfPage":"https:\/\/www.the-future-of-commerce.com\/2020\/09\/24\/privacidad-por-favor-todo-el-mundo-quiere-sus-datos-personales-aqui-hay-3-formas-de-protegerlos\/","author":{"@type":"Person","@id":"https:\/\/www.the-future-of-commerce.com\/contributor\/stephanie-thum\/#Person","name":"Stephanie Thum","url":"https:\/\/www.the-future-of-commerce.com\/contributor\/stephanie-thum\/","identifier":334,"image":{"@type":"ImageObject","@id":"https:\/\/secure.gravatar.com\/avatar\/05bbc9017e3f89b9d6d4846c0cf0828093f534181adceca83e1773c2378f6385?s=96&d=mm&r=g","url":"https:\/\/secure.gravatar.com\/avatar\/05bbc9017e3f89b9d6d4846c0cf0828093f534181adceca83e1773c2378f6385?s=96&d=mm&r=g","height":96,"width":96}},"publisher":{"@type":"Organization","name":"The Future of Commerce","logo":{"@type":"ImageObject","@id":"https:\/\/www.the-future-of-commerce.com\/wp-content\/uploads\/2023\/01\/logo-foc-schema-app-1.png","url":"https:\/\/www.the-future-of-commerce.com\/wp-content\/uploads\/2023\/01\/logo-foc-schema-app-1.png","width":172,"height":60}},"image":{"@type":"ImageObject","@id":"https:\/\/www.the-future-of-commerce.com\/wp-content\/uploads\/2020\/09\/privacy-please-ftr-1.jpg","url":"https:\/\/www.the-future-of-commerce.com\/wp-content\/uploads\/2020\/09\/privacy-please-ftr-1.jpg","height":375,"width":1200},"keywords":null},{"@type":"BlogPosting","@id":"https:\/\/www.the-future-of-commerce.com\/2020\/09\/24\/marketing-b2b-de-influencers-pueden-poseer-tu-marca-mejor-que-tu\/","headline":"Marketing B2B de influencers: pueden poseer tu marca mejor que t\u00fa","url":"https:\/\/www.the-future-of-commerce.com\/2020\/09\/24\/marketing-b2b-de-influencers-pueden-poseer-tu-marca-mejor-que-tu\/","datePublished":"2020-09-24","dateModified":"2022-11-16","mainEntityOfPage":"https:\/\/www.the-future-of-commerce.com\/2020\/09\/24\/marketing-b2b-de-influencers-pueden-poseer-tu-marca-mejor-que-tu\/","author":{"@type":"Person","@id":"https:\/\/www.the-future-of-commerce.com\/contributor\/stephanie-thum\/#Person","name":"Stephanie Thum","url":"https:\/\/www.the-future-of-commerce.com\/contributor\/stephanie-thum\/","identifier":334,"image":{"@type":"ImageObject","@id":"https:\/\/secure.gravatar.com\/avatar\/05bbc9017e3f89b9d6d4846c0cf0828093f534181adceca83e1773c2378f6385?s=96&d=mm&r=g","url":"https:\/\/secure.gravatar.com\/avatar\/05bbc9017e3f89b9d6d4846c0cf0828093f534181adceca83e1773c2378f6385?s=96&d=mm&r=g","height":96,"width":96}},"publisher":{"@type":"Organization","name":"The Future of Commerce","logo":{"@type":"ImageObject","@id":"https:\/\/www.the-future-of-commerce.com\/wp-content\/uploads\/2023\/01\/logo-foc-schema-app-1.png","url":"https:\/\/www.the-future-of-commerce.com\/wp-content\/uploads\/2023\/01\/logo-foc-schema-app-1.png","width":172,"height":60}},"image":{"@type":"ImageObject","@id":"https:\/\/www.the-future-of-commerce.com\/wp-content\/uploads\/2017\/11\/Omnichannel-implementation.jpg","url":"https:\/\/www.the-future-of-commerce.com\/wp-content\/uploads\/2017\/11\/Omnichannel-implementation.jpg","height":375,"width":1200},"keywords":null},{"@type":"BlogPosting","@id":"https:\/\/www.the-future-of-commerce.com\/2020\/09\/24\/ia-en-ventas-5-formas-en-que-la-inteligencia-artificial-ayuda-a-los-equipos-de-ventas\/","headline":"IA en ventas: 5 formas en que la inteligencia artificial ayuda a los equipos de ventas","url":"https:\/\/www.the-future-of-commerce.com\/2020\/09\/24\/ia-en-ventas-5-formas-en-que-la-inteligencia-artificial-ayuda-a-los-equipos-de-ventas\/","datePublished":"2020-09-24","dateModified":"2024-07-12","mainEntityOfPage":"https:\/\/www.the-future-of-commerce.com\/2020\/09\/24\/ia-en-ventas-5-formas-en-que-la-inteligencia-artificial-ayuda-a-los-equipos-de-ventas\/","author":{"@type":"Person","@id":"https:\/\/www.the-future-of-commerce.com\/contributor\/marcia-yusavage\/#Person","name":"Marcia Yusavage","url":"https:\/\/www.the-future-of-commerce.com\/contributor\/marcia-yusavage\/","identifier":298,"image":{"@type":"ImageObject","@id":"https:\/\/secure.gravatar.com\/avatar\/f9929f6ff16e34cd6d43daf18411658f8565960b4c0fd78662963005f1aa9afb?s=96&d=mm&r=g","url":"https:\/\/secure.gravatar.com\/avatar\/f9929f6ff16e34cd6d43daf18411658f8565960b4c0fd78662963005f1aa9afb?s=96&d=mm&r=g","height":96,"width":96}},"publisher":{"@type":"Organization","name":"The Future of Commerce","logo":{"@type":"ImageObject","@id":"https:\/\/www.the-future-of-commerce.com\/wp-content\/uploads\/2023\/01\/logo-foc-schema-app-1.png","url":"https:\/\/www.the-future-of-commerce.com\/wp-content\/uploads\/2023\/01\/logo-foc-schema-app-1.png","width":172,"height":60}},"image":{"@type":"ImageObject","@id":"https:\/\/www.the-future-of-commerce.com\/wp-content\/uploads\/2020\/06\/AI-in-sales.jpg","url":"https:\/\/www.the-future-of-commerce.com\/wp-content\/uploads\/2020\/06\/AI-in-sales.jpg","height":375,"width":1200},"keywords":null},{"@type":"BlogPosting","@id":"https:\/\/www.the-future-of-commerce.com\/2020\/09\/24\/hacer-las-preguntas-dificiles-inclusion-y-experiencia-del-cliente\/","headline":"Hacer las preguntas dif\u00edciles: inclusi\u00f3n y experiencia del cliente","url":"https:\/\/www.the-future-of-commerce.com\/2020\/09\/24\/hacer-las-preguntas-dificiles-inclusion-y-experiencia-del-cliente\/","datePublished":"2020-09-24","dateModified":"2020-09-24","mainEntityOfPage":"https:\/\/www.the-future-of-commerce.com\/2020\/09\/24\/hacer-las-preguntas-dificiles-inclusion-y-experiencia-del-cliente\/","author":{"@type":"Person","@id":"https:\/\/www.the-future-of-commerce.com\/contributor\/jeannie-walters\/#Person","name":"Jeannie Walters","url":"https:\/\/www.the-future-of-commerce.com\/contributor\/jeannie-walters\/","identifier":350,"image":{"@type":"ImageObject","@id":"https:\/\/secure.gravatar.com\/avatar\/65cb991d4ea0fed85125462b7a935b0afbaff965c0035a713c981a3bff7c81b8?s=96&d=mm&r=g","url":"https:\/\/secure.gravatar.com\/avatar\/65cb991d4ea0fed85125462b7a935b0afbaff965c0035a713c981a3bff7c81b8?s=96&d=mm&r=g","height":96,"width":96}},"publisher":{"@type":"Organization","name":"The Future of Commerce","logo":{"@type":"ImageObject","@id":"https:\/\/www.the-future-of-commerce.com\/wp-content\/uploads\/2023\/01\/logo-foc-schema-app-1.png","url":"https:\/\/www.the-future-of-commerce.com\/wp-content\/uploads\/2023\/01\/logo-foc-schema-app-1.png","width":172,"height":60}},"image":{"@type":"ImageObject","@id":"https:\/\/www.the-future-of-commerce.com\/wp-content\/uploads\/2020\/06\/inclusion-and-customer-experience.jpg","url":"https:\/\/www.the-future-of-commerce.com\/wp-content\/uploads\/2020\/06\/inclusion-and-customer-experience.jpg","height":375,"width":1200},"keywords":null},{"@type":"BlogPosting","@id":"https:\/\/www.the-future-of-commerce.com\/2020\/09\/24\/guia-de-supervivencia-de-cmo-estrategia-digital-durante-el-covid-19\/","headline":"Gu\u00eda de supervivencia de CMO: estrategia digital durante el COVID-19","url":"https:\/\/www.the-future-of-commerce.com\/2020\/09\/24\/guia-de-supervivencia-de-cmo-estrategia-digital-durante-el-covid-19\/","datePublished":"2020-09-24","dateModified":"2021-08-11","mainEntityOfPage":"https:\/\/www.the-future-of-commerce.com\/2020\/09\/24\/guia-de-supervivencia-de-cmo-estrategia-digital-durante-el-covid-19\/","author":{"@type":"Person","@id":"https:\/\/www.the-future-of-commerce.com\/contributor\/katherine-calvert\/#Person","name":"Katherine Calvert","url":"https:\/\/www.the-future-of-commerce.com\/contributor\/katherine-calvert\/","identifier":447,"image":{"@type":"ImageObject","@id":"https:\/\/secure.gravatar.com\/avatar\/2d5040b935057f4afc7b2b15b65381f4d97d81195477d97fc893824919e69a0b?s=96&d=mm&r=g","url":"https:\/\/secure.gravatar.com\/avatar\/2d5040b935057f4afc7b2b15b65381f4d97d81195477d97fc893824919e69a0b?s=96&d=mm&r=g","height":96,"width":96}},"publisher":{"@type":"Organization","name":"The Future of Commerce","logo":{"@type":"ImageObject","@id":"https:\/\/www.the-future-of-commerce.com\/wp-content\/uploads\/2023\/01\/logo-foc-schema-app-1.png","url":"https:\/\/www.the-future-of-commerce.com\/wp-content\/uploads\/2023\/01\/logo-foc-schema-app-1.png","width":172,"height":60}},"image":{"@type":"ImageObject","@id":"https:\/\/www.the-future-of-commerce.com\/wp-content\/uploads\/2020\/08\/digital-strategy.jpg","url":"https:\/\/www.the-future-of-commerce.com\/wp-content\/uploads\/2020\/08\/digital-strategy.jpg","height":375,"width":1200},"keywords":null},{"@type":"BlogPosting","@id":"https:\/\/www.the-future-of-commerce.com\/2020\/09\/24\/como-salvar-una-vida-21-dias-de-bondad-y-empatia\/","headline":"C\u00f3mo salvar una vida: 21 d\u00edas de bondad y empat\u00eda","url":"https:\/\/www.the-future-of-commerce.com\/2020\/09\/24\/como-salvar-una-vida-21-dias-de-bondad-y-empatia\/","datePublished":"2020-09-24","dateModified":"2024-10-23","mainEntityOfPage":"https:\/\/www.the-future-of-commerce.com\/2020\/09\/24\/como-salvar-una-vida-21-dias-de-bondad-y-empatia\/","author":{"@type":"Person","@id":"https:\/\/www.the-future-of-commerce.com\/contributor\/ursula-ringham\/#Person","name":"Ursula Ringham","url":"https:\/\/www.the-future-of-commerce.com\/contributor\/ursula-ringham\/","identifier":454,"image":{"@type":"ImageObject","@id":"https:\/\/secure.gravatar.com\/avatar\/48b85ffe9bf7aee0ae216ed08e0bebc6102eb1455504da660666a93d26da19e2?s=96&d=mm&r=g","url":"https:\/\/secure.gravatar.com\/avatar\/48b85ffe9bf7aee0ae216ed08e0bebc6102eb1455504da660666a93d26da19e2?s=96&d=mm&r=g","height":96,"width":96}},"publisher":{"@type":"Organization","name":"The Future of Commerce","logo":{"@type":"ImageObject","@id":"https:\/\/www.the-future-of-commerce.com\/wp-content\/uploads\/2023\/01\/logo-foc-schema-app-1.png","url":"https:\/\/www.the-future-of-commerce.com\/wp-content\/uploads\/2023\/01\/logo-foc-schema-app-1.png","width":172,"height":60}},"image":{"@type":"ImageObject","@id":"https:\/\/www.the-future-of-commerce.com\/wp-content\/uploads\/2020\/08\/21-days-of-kindness.jpg","url":"https:\/\/www.the-future-of-commerce.com\/wp-content\/uploads\/2020\/08\/21-days-of-kindness.jpg","height":375,"width":1200},"keywords":null},{"@type":"BlogPosting","@id":"https:\/\/www.the-future-of-commerce.com\/2020\/09\/23\/8-formas-de-manejar-el-estres-profesional-en-medio-de-la-nueva-normalidad\/","headline":"8 formas de manejar el estr\u00e9s profesional en medio de la nueva normalidad","url":"https:\/\/www.the-future-of-commerce.com\/2020\/09\/23\/8-formas-de-manejar-el-estres-profesional-en-medio-de-la-nueva-normalidad\/","datePublished":"2020-09-23","dateModified":"2021-12-05","mainEntityOfPage":"https:\/\/www.the-future-of-commerce.com\/2020\/09\/23\/8-formas-de-manejar-el-estres-profesional-en-medio-de-la-nueva-normalidad\/","author":{"@type":"Person","@id":"https:\/\/www.the-future-of-commerce.com\/contributor\/amanda-magee\/#Person","name":"Amanda Magee","url":"https:\/\/www.the-future-of-commerce.com\/contributor\/amanda-magee\/","identifier":383,"image":{"@type":"ImageObject","@id":"https:\/\/secure.gravatar.com\/avatar\/31d192a92932f8061f51a1ebc0f27663f339079b63a5df3c859f0410e97e8775?s=96&d=mm&r=g","url":"https:\/\/secure.gravatar.com\/avatar\/31d192a92932f8061f51a1ebc0f27663f339079b63a5df3c859f0410e97e8775?s=96&d=mm&r=g","height":96,"width":96}},"publisher":{"@type":"Organization","name":"The Future of Commerce","logo":{"@type":"ImageObject","@id":"https:\/\/www.the-future-of-commerce.com\/wp-content\/uploads\/2023\/01\/logo-foc-schema-app-1.png","url":"https:\/\/www.the-future-of-commerce.com\/wp-content\/uploads\/2023\/01\/logo-foc-schema-app-1.png","width":172,"height":60}},"image":{"@type":"ImageObject","@id":"https:\/\/www.the-future-of-commerce.com\/wp-content\/uploads\/2020\/03\/how-to-manage-professional-stress.jpg","url":"https:\/\/www.the-future-of-commerce.com\/wp-content\/uploads\/2020\/03\/how-to-manage-professional-stress.jpg","height":375,"width":1200},"keywords":null}],"about":["El Futuro de la Experiencia del Cliente","Experiencia del Cliente","Prop\u00f3sito"]}